{"id":24842,"date":"2024-02-20T14:39:42","date_gmt":"2024-02-20T14:39:42","guid":{"rendered":"https:\/\/www.estudiodosrios.com.ar\/?p=24842"},"modified":"2024-02-21T00:59:01","modified_gmt":"2024-02-21T00:59:01","slug":"otra-mirada-acerca-del-diseno-grafico-el-proyecto-concebido-desde-la-construccion-colectiva-del-conocimiento-en-los-contextos-mas-urgentes","status":"publish","type":"post","link":"https:\/\/www.estudiodosrios.com.ar\/eng\/otra-mirada-acerca-del-diseno-grafico-el-proyecto-concebido-desde-la-construccion-colectiva-del-conocimiento-en-los-contextos-mas-urgentes\/","title":{"rendered":"Otra mirada acerca del dise\u00f1o gr\u00e1fico."},"content":{"rendered":"<p><strong>El proyecto concebido desde la construcci\u00f3n colectiva del conocimiento en los contextos m\u00e1s urgentes.<\/strong><\/p>\n\n\n\n<p>Jornadas \u201cEl dise\u00f1o en relaci\u00f3n a la econom\u00eda social\u201d para t\u00e9cnicos del Programa Manos a la Obra del Ministerio de Desarrollo Social de la Naci\u00f3n, 5 de julio de 2010.<\/p>\n\n\n\n<figure class=\"wp-block-embed is-type-rich is-provider-issuu wp-block-embed-issuu\"><div class=\"wp-block-embed__wrapper\">\n<div data-url=\"https:\/\/issuu.com\/estudiodosrios\/docs\/2010-07-05_jornadas_ministerio_de_desarrollo_socia\" style=\"width: 1290px; height: 498px;\" class=\"issuuembed\"><\/div><script type=\"text\/javascript\" src=\"\/\/e.issuu.com\/embed.js\" async=\"true\"><\/script>\n<\/div><\/figure>","protected":false},"excerpt":{"rendered":"<p>El proyecto concebido desde la construcci\u00f3n colectiva del conocimiento en los contextos m\u00e1s urgentes. Jornadas \u201cEl dise\u00f1o en relaci\u00f3n a la econom\u00eda social\u201d para t\u00e9cnicos del Programa Manos a la&hellip;<\/p>","protected":false},"author":1,"featured_media":24933,"comment_status":"closed","ping_status":"closed","sticky":false,"template":"","format":"standard","meta":{"footnotes":""},"categories":[296],"tags":[],"class_list":["post-24842","post","type-post","status-publish","format-standard","has-post-thumbnail","hentry","category-blog"],"_links":{"self":[{"href":"https:\/\/www.estudiodosrios.com.ar\/eng\/wp-json\/wp\/v2\/posts\/24842","targetHints":{"allow":["GET"]}}],"collection":[{"href":"https:\/\/www.estudiodosrios.com.ar\/eng\/wp-json\/wp\/v2\/posts"}],"about":[{"href":"https:\/\/www.estudiodosrios.com.ar\/eng\/wp-json\/wp\/v2\/types\/post"}],"author":[{"embeddable":true,"href":"https:\/\/www.estudiodosrios.com.ar\/eng\/wp-json\/wp\/v2\/users\/1"}],"replies":[{"embeddable":true,"href":"https:\/\/www.estudiodosrios.com.ar\/eng\/wp-json\/wp\/v2\/comments?post=24842"}],"version-history":[{"count":3,"href":"https:\/\/www.estudiodosrios.com.ar\/eng\/wp-json\/wp\/v2\/posts\/24842\/revisions"}],"predecessor-version":[{"id":24930,"href":"https:\/\/www.estudiodosrios.com.ar\/eng\/wp-json\/wp\/v2\/posts\/24842\/revisions\/24930"}],"wp:featuredmedia":[{"embeddable":true,"href":"https:\/\/www.estudiodosrios.com.ar\/eng\/wp-json\/wp\/v2\/media\/24933"}],"wp:attachment":[{"href":"https:\/\/www.estudiodosrios.com.ar\/eng\/wp-json\/wp\/v2\/media?parent=24842"}],"wp:term":[{"taxonomy":"category","embeddable":true,"href":"https:\/\/www.estudiodosrios.com.ar\/eng\/wp-json\/wp\/v2\/categories?post=24842"},{"taxonomy":"post_tag","embeddable":true,"href":"https:\/\/www.estudiodosrios.com.ar\/eng\/wp-json\/wp\/v2\/tags?post=24842"}],"curies":[{"name":"wp","href":"https:\/\/api.w.org\/{rel}","templated":true}]}}